{"id":3980,"date":"2025-09-23T14:04:36","date_gmt":"2025-09-23T12:04:36","guid":{"rendered":"https:\/\/www.saller-bau.com\/?p=3980"},"modified":"2025-09-24T10:58:23","modified_gmt":"2025-09-24T08:58:23","slug":"saller-kontynuuje-strategie-dynamicznego-rozwoju","status":"publish","type":"post","link":"https:\/\/www.saller-bau.com\/pl\/saller-kontynuuje-strategie-dynamicznego-rozwoju\/","title":{"rendered":"Saller kontynuuje strategi\u0119 dynamicznego rozwoju"},"content":{"rendered":"\n<div style=\"height:30px\" aria-hidden=\"true\" class=\"wp-block-spacer\"><\/div>\n\n\n\n<p><strong>Dzieje si\u0119!<\/strong><\/p>\n\n\n\n<p>Ju\u017c jutro rusza najwa\u017cniejsze wydarzenie w bran\u017cy retail w Polsce!<br>Grupa Saller serdecznie zaprasza na stoisko nr 320, gdzie dzia\u0142 leasingu ch\u0119tnie przedstawi obecne i przysz\u0142e projekty!<\/p>\n\n\n\n<p><strong>Widzimy si\u0119 na SCF! <\/strong><\/p>\n\n\n\n<p><em><strong>#scf2025fall<\/strong><\/em><\/p>\n\n\n\n<div class=\"wp-block-essential-blocks-button  root-eb-button-9q2x4\"><div class=\"eb-parent-wrapper eb-parent-eb-button-9q2x4 \"><div class=\"eb-button-wrapper eb-button-alignment eb-button-9q2x4\"><div class=\"eb-button\"><div class=\"eb-button-inner-wrapper \"><a class=\"eb-button-anchor \" href=\"https:\/\/retailnet.pl\/2025\/09\/23\/grupa-saller-kontynuuje-strategie\/\" rel=\"noopener\"><strong>Saller kontynuuje strategi\u0119 dynamicznego rozwoju &#8211; Retailnet.pl<\/strong><\/a><\/div><\/div><\/div><\/div><\/div>\n\n\n\n<div style=\"height:30px\" aria-hidden=\"true\" class=\"wp-block-spacer\"><\/div>\n\n\n<div class=\"wp-block-image\">\n<figure class=\"aligncenter size-large\"><img decoding=\"async\" width=\"1024\" height=\"213\" src=\"https:\/\/www.saller-bau.com\/wp-content\/uploads\/2025\/09\/Aussteller-Banner-SCF2025FALL-1024x213.png\" alt=\"\" class=\"wp-image-4000\" srcset=\"https:\/\/www.saller-bau.com\/wp-content\/uploads\/2025\/09\/Aussteller-Banner-SCF2025FALL-1024x213.png 1024w, https:\/\/www.saller-bau.com\/wp-content\/uploads\/2025\/09\/Aussteller-Banner-SCF2025FALL-300x63.png 300w, https:\/\/www.saller-bau.com\/wp-content\/uploads\/2025\/09\/Aussteller-Banner-SCF2025FALL-768x160.png 768w, https:\/\/www.saller-bau.com\/wp-content\/uploads\/2025\/09\/Aussteller-Banner-SCF2025FALL-480x100.png 480w, https:\/\/www.saller-bau.com\/wp-content\/uploads\/2025\/09\/Aussteller-Banner-SCF2025FALL.png 1200w\" sizes=\"(max-width: 1024px) 100vw, 1024px\" \/><\/figure>\n<\/div>","protected":false},"excerpt":{"rendered":"Dzieje si\u0119! Ju\u017c jutro rusza najwa\u017cniejsze wydarzenie w bran\u017cy retail w Polsce!Grupa Saller serdecznie zaprasza na stoisko nr 320, gdzie dzia\u0142 leasingu ch\u0119tnie przedstawi obecne i przysz\u0142e projekty! Widzimy si\u0119 na SCF! #scf2025fall [&#8230;]<p><a class=\"btn btn-secondary understrap-read-more-link\" href=\"https:\/\/www.saller-bau.com\/pl\/saller-kontynuuje-strategie-dynamicznego-rozwoju\/\">Czytaj dalej\u2026<span class=\"screen-reader-text\"> from Saller kontynuuje strategi\u0119 dynamicznego rozwoju<\/span><\/a><\/p>","protected":false},"author":2,"featured_media":4026,"comment_status":"closed","ping_status":"closed","sticky":false,"template":"","format":"standard","meta":{"_acf_changed":false,"_eb_attr":"","inline_featured_image":false,"postBodyCss":"","postBodyMargin":[],"postBodyPadding":[],"postBodyBackground":{"backgroundType":"classic","gradient":""},"footnotes":""},"categories":[34],"tags":[],"class_list":["post-3980","post","type-post","status-publish","format-standard","has-post-thumbnail","hentry","category-aktualnosci"],"featured_image_src":"https:\/\/www.saller-bau.com\/wp-content\/uploads\/2025\/09\/2025-09-24-Saller-Team-Messe-SCF-Foto-1-bearb.jpg","author_info":{"display_name":"Mike St\u00fcbner","author_link":"https:\/\/www.saller-bau.com\/pl\/author\/stuebner-mike\/"},"acf":[],"yoast_head":"<!-- This site is optimized with the Yoast SEO plugin v27.4 - https:\/\/yoast.com\/product\/yoast-seo-wordpress\/ -->\n<title>Saller kontynuuje strategi\u0119 dynamicznego rozwoju - Saller<\/title>\n<meta name=\"robots\" content=\"index, follow, max-snippet:-1, max-image-preview:large, max-video-preview:-1\" \/>\n<link rel=\"canonical\" href=\"https:\/\/www.saller-bau.com\/pl\/saller-kontynuuje-strategie-dynamicznego-rozwoju\/\" \/>\n<meta property=\"og:locale\" content=\"pl_PL\" \/>\n<meta property=\"og:type\" content=\"article\" \/>\n<meta property=\"og:title\" content=\"Saller kontynuuje strategi\u0119 dynamicznego rozwoju - Saller\" \/>\n<meta property=\"og:description\" content=\"Dzieje si\u0119! Ju\u017c jutro rusza najwa\u017cniejsze wydarzenie w bran\u017cy retail w Polsce!Grupa Saller serdecznie zaprasza na stoisko nr 320, gdzie dzia\u0142 leasingu ch\u0119tnie przedstawi obecne i przysz\u0142e projekty! Widzimy si\u0119 na SCF! #scf2025fall [...]Czytaj dalej\u2026 from Saller kontynuuje strategi\u0119 dynamicznego rozwoju\" \/>\n<meta property=\"og:url\" content=\"https:\/\/www.saller-bau.com\/pl\/saller-kontynuuje-strategie-dynamicznego-rozwoju\/\" \/>\n<meta property=\"og:site_name\" content=\"Saller\" \/>\n<meta property=\"article:published_time\" content=\"2025-09-23T12:04:36+00:00\" \/>\n<meta property=\"article:modified_time\" content=\"2025-09-24T08:58:23+00:00\" \/>\n<meta property=\"og:image\" content=\"https:\/\/www.saller-bau.com\/wp-content\/uploads\/2025\/09\/2025-09-24-Saller-Team-Messe-SCF-Foto-1-bearb.jpg\" \/>\n\t<meta property=\"og:image:width\" content=\"1920\" \/>\n\t<meta property=\"og:image:height\" content=\"1080\" \/>\n\t<meta property=\"og:image:type\" content=\"image\/jpeg\" \/>\n<meta name=\"author\" content=\"Mike St\u00fcbner\" \/>\n<meta name=\"twitter:card\" content=\"summary_large_image\" \/>\n<meta name=\"twitter:label1\" content=\"Napisane przez\" \/>\n\t<meta name=\"twitter:data1\" content=\"Mike St\u00fcbner\" \/>\n\t<meta name=\"twitter:label2\" content=\"Szacowany czas czytania\" \/>\n\t<meta name=\"twitter:data2\" content=\"1 minuta\" \/>\n<script type=\"application\/ld+json\" class=\"yoast-schema-graph\">{\"@context\":\"https:\\\/\\\/schema.org\",\"@graph\":[{\"@type\":\"Article\",\"@id\":\"https:\\\/\\\/www.saller-bau.com\\\/pl\\\/saller-kontynuuje-strategie-dynamicznego-rozwoju\\\/#article\",\"isPartOf\":{\"@id\":\"https:\\\/\\\/www.saller-bau.com\\\/pl\\\/saller-kontynuuje-strategie-dynamicznego-rozwoju\\\/\"},\"author\":{\"name\":\"Mike St\u00fcbner\",\"@id\":\"https:\\\/\\\/www.saller-bau.com\\\/pl\\\/#\\\/schema\\\/person\\\/68a12ba3c9c1511992fd9c45d0c31339\"},\"headline\":\"Saller kontynuuje strategi\u0119 dynamicznego rozwoju\",\"datePublished\":\"2025-09-23T12:04:36+00:00\",\"dateModified\":\"2025-09-24T08:58:23+00:00\",\"mainEntityOfPage\":{\"@id\":\"https:\\\/\\\/www.saller-bau.com\\\/pl\\\/saller-kontynuuje-strategie-dynamicznego-rozwoju\\\/\"},\"wordCount\":51,\"publisher\":{\"@id\":\"https:\\\/\\\/www.saller-bau.com\\\/pl\\\/#organization\"},\"image\":{\"@id\":\"https:\\\/\\\/www.saller-bau.com\\\/pl\\\/saller-kontynuuje-strategie-dynamicznego-rozwoju\\\/#primaryimage\"},\"thumbnailUrl\":\"https:\\\/\\\/www.saller-bau.com\\\/wp-content\\\/uploads\\\/2025\\\/09\\\/2025-09-24-Saller-Team-Messe-SCF-Foto-1-bearb.jpg\",\"articleSection\":[\"Aktualno\u015bci\"],\"inLanguage\":\"pl-PL\"},{\"@type\":\"WebPage\",\"@id\":\"https:\\\/\\\/www.saller-bau.com\\\/pl\\\/saller-kontynuuje-strategie-dynamicznego-rozwoju\\\/\",\"url\":\"https:\\\/\\\/www.saller-bau.com\\\/pl\\\/saller-kontynuuje-strategie-dynamicznego-rozwoju\\\/\",\"name\":\"Saller kontynuuje strategi\u0119 dynamicznego rozwoju - Saller\",\"isPartOf\":{\"@id\":\"https:\\\/\\\/www.saller-bau.com\\\/pl\\\/#website\"},\"primaryImageOfPage\":{\"@id\":\"https:\\\/\\\/www.saller-bau.com\\\/pl\\\/saller-kontynuuje-strategie-dynamicznego-rozwoju\\\/#primaryimage\"},\"image\":{\"@id\":\"https:\\\/\\\/www.saller-bau.com\\\/pl\\\/saller-kontynuuje-strategie-dynamicznego-rozwoju\\\/#primaryimage\"},\"thumbnailUrl\":\"https:\\\/\\\/www.saller-bau.com\\\/wp-content\\\/uploads\\\/2025\\\/09\\\/2025-09-24-Saller-Team-Messe-SCF-Foto-1-bearb.jpg\",\"datePublished\":\"2025-09-23T12:04:36+00:00\",\"dateModified\":\"2025-09-24T08:58:23+00:00\",\"breadcrumb\":{\"@id\":\"https:\\\/\\\/www.saller-bau.com\\\/pl\\\/saller-kontynuuje-strategie-dynamicznego-rozwoju\\\/#breadcrumb\"},\"inLanguage\":\"pl-PL\",\"potentialAction\":[{\"@type\":\"ReadAction\",\"target\":[\"https:\\\/\\\/www.saller-bau.com\\\/pl\\\/saller-kontynuuje-strategie-dynamicznego-rozwoju\\\/\"]}]},{\"@type\":\"ImageObject\",\"inLanguage\":\"pl-PL\",\"@id\":\"https:\\\/\\\/www.saller-bau.com\\\/pl\\\/saller-kontynuuje-strategie-dynamicznego-rozwoju\\\/#primaryimage\",\"url\":\"https:\\\/\\\/www.saller-bau.com\\\/wp-content\\\/uploads\\\/2025\\\/09\\\/2025-09-24-Saller-Team-Messe-SCF-Foto-1-bearb.jpg\",\"contentUrl\":\"https:\\\/\\\/www.saller-bau.com\\\/wp-content\\\/uploads\\\/2025\\\/09\\\/2025-09-24-Saller-Team-Messe-SCF-Foto-1-bearb.jpg\",\"width\":1920,\"height\":1080},{\"@type\":\"BreadcrumbList\",\"@id\":\"https:\\\/\\\/www.saller-bau.com\\\/pl\\\/saller-kontynuuje-strategie-dynamicznego-rozwoju\\\/#breadcrumb\",\"itemListElement\":[{\"@type\":\"ListItem\",\"position\":1,\"name\":\"Startseite\",\"item\":\"https:\\\/\\\/www.saller-bau.com\\\/pl\\\/\"},{\"@type\":\"ListItem\",\"position\":2,\"name\":\"Saller kontynuuje strategi\u0119 dynamicznego rozwoju\"}]},{\"@type\":\"WebSite\",\"@id\":\"https:\\\/\\\/www.saller-bau.com\\\/pl\\\/#website\",\"url\":\"https:\\\/\\\/www.saller-bau.com\\\/pl\\\/\",\"name\":\"Saller\",\"description\":\"\",\"publisher\":{\"@id\":\"https:\\\/\\\/www.saller-bau.com\\\/pl\\\/#organization\"},\"potentialAction\":[{\"@type\":\"SearchAction\",\"target\":{\"@type\":\"EntryPoint\",\"urlTemplate\":\"https:\\\/\\\/www.saller-bau.com\\\/pl\\\/?s={search_term_string}\"},\"query-input\":{\"@type\":\"PropertyValueSpecification\",\"valueRequired\":true,\"valueName\":\"search_term_string\"}}],\"inLanguage\":\"pl-PL\"},{\"@type\":\"Organization\",\"@id\":\"https:\\\/\\\/www.saller-bau.com\\\/pl\\\/#organization\",\"name\":\"Saller Unternehmensgruppe\",\"url\":\"https:\\\/\\\/www.saller-bau.com\\\/pl\\\/\",\"logo\":{\"@type\":\"ImageObject\",\"inLanguage\":\"pl-PL\",\"@id\":\"https:\\\/\\\/www.saller-bau.com\\\/pl\\\/#\\\/schema\\\/logo\\\/image\\\/\",\"url\":\"https:\\\/\\\/www.saller-bau.com\\\/wp-content\\\/uploads\\\/2025\\\/03\\\/Saller-ohne-Group_Immob-aus-Leidenschaft_Spruch-gross-01.png\",\"contentUrl\":\"https:\\\/\\\/www.saller-bau.com\\\/wp-content\\\/uploads\\\/2025\\\/03\\\/Saller-ohne-Group_Immob-aus-Leidenschaft_Spruch-gross-01.png\",\"width\":1308,\"height\":270,\"caption\":\"Saller Unternehmensgruppe\"},\"image\":{\"@id\":\"https:\\\/\\\/www.saller-bau.com\\\/pl\\\/#\\\/schema\\\/logo\\\/image\\\/\"},\"sameAs\":[\"https:\\\/\\\/www.linkedin.com\\\/in\\\/sallergroup\\\/\"]},{\"@type\":\"Person\",\"@id\":\"https:\\\/\\\/www.saller-bau.com\\\/pl\\\/#\\\/schema\\\/person\\\/68a12ba3c9c1511992fd9c45d0c31339\",\"name\":\"Mike St\u00fcbner\",\"url\":\"https:\\\/\\\/www.saller-bau.com\\\/pl\\\/author\\\/stuebner-mike\\\/\"}]}<\/script>\n<!-- \/ Yoast SEO plugin. -->","yoast_head_json":{"title":"Saller kontynuuje strategi\u0119 dynamicznego rozwoju - Saller","robots":{"index":"index","follow":"follow","max-snippet":"max-snippet:-1","max-image-preview":"max-image-preview:large","max-video-preview":"max-video-preview:-1"},"canonical":"https:\/\/www.saller-bau.com\/pl\/saller-kontynuuje-strategie-dynamicznego-rozwoju\/","og_locale":"pl_PL","og_type":"article","og_title":"Saller kontynuuje strategi\u0119 dynamicznego rozwoju - Saller","og_description":"Dzieje si\u0119! Ju\u017c jutro rusza najwa\u017cniejsze wydarzenie w bran\u017cy retail w Polsce!Grupa Saller serdecznie zaprasza na stoisko nr 320, gdzie dzia\u0142 leasingu ch\u0119tnie przedstawi obecne i przysz\u0142e projekty! Widzimy si\u0119 na SCF! #scf2025fall [...]Czytaj dalej\u2026 from Saller kontynuuje strategi\u0119 dynamicznego rozwoju","og_url":"https:\/\/www.saller-bau.com\/pl\/saller-kontynuuje-strategie-dynamicznego-rozwoju\/","og_site_name":"Saller","article_published_time":"2025-09-23T12:04:36+00:00","article_modified_time":"2025-09-24T08:58:23+00:00","og_image":[{"width":1920,"height":1080,"url":"https:\/\/www.saller-bau.com\/wp-content\/uploads\/2025\/09\/2025-09-24-Saller-Team-Messe-SCF-Foto-1-bearb.jpg","type":"image\/jpeg"}],"author":"Mike St\u00fcbner","twitter_card":"summary_large_image","twitter_misc":{"Napisane przez":"Mike St\u00fcbner","Szacowany czas czytania":"1 minuta"},"schema":{"@context":"https:\/\/schema.org","@graph":[{"@type":"Article","@id":"https:\/\/www.saller-bau.com\/pl\/saller-kontynuuje-strategie-dynamicznego-rozwoju\/#article","isPartOf":{"@id":"https:\/\/www.saller-bau.com\/pl\/saller-kontynuuje-strategie-dynamicznego-rozwoju\/"},"author":{"name":"Mike St\u00fcbner","@id":"https:\/\/www.saller-bau.com\/pl\/#\/schema\/person\/68a12ba3c9c1511992fd9c45d0c31339"},"headline":"Saller kontynuuje strategi\u0119 dynamicznego rozwoju","datePublished":"2025-09-23T12:04:36+00:00","dateModified":"2025-09-24T08:58:23+00:00","mainEntityOfPage":{"@id":"https:\/\/www.saller-bau.com\/pl\/saller-kontynuuje-strategie-dynamicznego-rozwoju\/"},"wordCount":51,"publisher":{"@id":"https:\/\/www.saller-bau.com\/pl\/#organization"},"image":{"@id":"https:\/\/www.saller-bau.com\/pl\/saller-kontynuuje-strategie-dynamicznego-rozwoju\/#primaryimage"},"thumbnailUrl":"https:\/\/www.saller-bau.com\/wp-content\/uploads\/2025\/09\/2025-09-24-Saller-Team-Messe-SCF-Foto-1-bearb.jpg","articleSection":["Aktualno\u015bci"],"inLanguage":"pl-PL"},{"@type":"WebPage","@id":"https:\/\/www.saller-bau.com\/pl\/saller-kontynuuje-strategie-dynamicznego-rozwoju\/","url":"https:\/\/www.saller-bau.com\/pl\/saller-kontynuuje-strategie-dynamicznego-rozwoju\/","name":"Saller kontynuuje strategi\u0119 dynamicznego rozwoju - Saller","isPartOf":{"@id":"https:\/\/www.saller-bau.com\/pl\/#website"},"primaryImageOfPage":{"@id":"https:\/\/www.saller-bau.com\/pl\/saller-kontynuuje-strategie-dynamicznego-rozwoju\/#primaryimage"},"image":{"@id":"https:\/\/www.saller-bau.com\/pl\/saller-kontynuuje-strategie-dynamicznego-rozwoju\/#primaryimage"},"thumbnailUrl":"https:\/\/www.saller-bau.com\/wp-content\/uploads\/2025\/09\/2025-09-24-Saller-Team-Messe-SCF-Foto-1-bearb.jpg","datePublished":"2025-09-23T12:04:36+00:00","dateModified":"2025-09-24T08:58:23+00:00","breadcrumb":{"@id":"https:\/\/www.saller-bau.com\/pl\/saller-kontynuuje-strategie-dynamicznego-rozwoju\/#breadcrumb"},"inLanguage":"pl-PL","potentialAction":[{"@type":"ReadAction","target":["https:\/\/www.saller-bau.com\/pl\/saller-kontynuuje-strategie-dynamicznego-rozwoju\/"]}]},{"@type":"ImageObject","inLanguage":"pl-PL","@id":"https:\/\/www.saller-bau.com\/pl\/saller-kontynuuje-strategie-dynamicznego-rozwoju\/#primaryimage","url":"https:\/\/www.saller-bau.com\/wp-content\/uploads\/2025\/09\/2025-09-24-Saller-Team-Messe-SCF-Foto-1-bearb.jpg","contentUrl":"https:\/\/www.saller-bau.com\/wp-content\/uploads\/2025\/09\/2025-09-24-Saller-Team-Messe-SCF-Foto-1-bearb.jpg","width":1920,"height":1080},{"@type":"BreadcrumbList","@id":"https:\/\/www.saller-bau.com\/pl\/saller-kontynuuje-strategie-dynamicznego-rozwoju\/#breadcrumb","itemListElement":[{"@type":"ListItem","position":1,"name":"Startseite","item":"https:\/\/www.saller-bau.com\/pl\/"},{"@type":"ListItem","position":2,"name":"Saller kontynuuje strategi\u0119 dynamicznego rozwoju"}]},{"@type":"WebSite","@id":"https:\/\/www.saller-bau.com\/pl\/#website","url":"https:\/\/www.saller-bau.com\/pl\/","name":"Saller","description":"","publisher":{"@id":"https:\/\/www.saller-bau.com\/pl\/#organization"},"potentialAction":[{"@type":"SearchAction","target":{"@type":"EntryPoint","urlTemplate":"https:\/\/www.saller-bau.com\/pl\/?s={search_term_string}"},"query-input":{"@type":"PropertyValueSpecification","valueRequired":true,"valueName":"search_term_string"}}],"inLanguage":"pl-PL"},{"@type":"Organization","@id":"https:\/\/www.saller-bau.com\/pl\/#organization","name":"Saller Unternehmensgruppe","url":"https:\/\/www.saller-bau.com\/pl\/","logo":{"@type":"ImageObject","inLanguage":"pl-PL","@id":"https:\/\/www.saller-bau.com\/pl\/#\/schema\/logo\/image\/","url":"https:\/\/www.saller-bau.com\/wp-content\/uploads\/2025\/03\/Saller-ohne-Group_Immob-aus-Leidenschaft_Spruch-gross-01.png","contentUrl":"https:\/\/www.saller-bau.com\/wp-content\/uploads\/2025\/03\/Saller-ohne-Group_Immob-aus-Leidenschaft_Spruch-gross-01.png","width":1308,"height":270,"caption":"Saller Unternehmensgruppe"},"image":{"@id":"https:\/\/www.saller-bau.com\/pl\/#\/schema\/logo\/image\/"},"sameAs":["https:\/\/www.linkedin.com\/in\/sallergroup\/"]},{"@type":"Person","@id":"https:\/\/www.saller-bau.com\/pl\/#\/schema\/person\/68a12ba3c9c1511992fd9c45d0c31339","name":"Mike St\u00fcbner","url":"https:\/\/www.saller-bau.com\/pl\/author\/stuebner-mike\/"}]}},"_links":{"self":[{"href":"https:\/\/www.saller-bau.com\/pl\/wp-json\/wp\/v2\/posts\/3980","targetHints":{"allow":["GET"]}}],"collection":[{"href":"https:\/\/www.saller-bau.com\/pl\/wp-json\/wp\/v2\/posts"}],"about":[{"href":"https:\/\/www.saller-bau.com\/pl\/wp-json\/wp\/v2\/types\/post"}],"author":[{"embeddable":true,"href":"https:\/\/www.saller-bau.com\/pl\/wp-json\/wp\/v2\/users\/2"}],"replies":[{"embeddable":true,"href":"https:\/\/www.saller-bau.com\/pl\/wp-json\/wp\/v2\/comments?post=3980"}],"version-history":[{"count":9,"href":"https:\/\/www.saller-bau.com\/pl\/wp-json\/wp\/v2\/posts\/3980\/revisions"}],"predecessor-version":[{"id":4032,"href":"https:\/\/www.saller-bau.com\/pl\/wp-json\/wp\/v2\/posts\/3980\/revisions\/4032"}],"wp:featuredmedia":[{"embeddable":true,"href":"https:\/\/www.saller-bau.com\/pl\/wp-json\/wp\/v2\/media\/4026"}],"wp:attachment":[{"href":"https:\/\/www.saller-bau.com\/pl\/wp-json\/wp\/v2\/media?parent=3980"}],"wp:term":[{"taxonomy":"category","embeddable":true,"href":"https:\/\/www.saller-bau.com\/pl\/wp-json\/wp\/v2\/categories?post=3980"},{"taxonomy":"post_tag","embeddable":true,"href":"https:\/\/www.saller-bau.com\/pl\/wp-json\/wp\/v2\/tags?post=3980"}],"curies":[{"name":"wp","href":"https:\/\/api.w.org\/{rel}","templated":true}]}}